{"id":5941,"date":"2021-02-20T09:48:37","date_gmt":"2021-02-20T08:48:37","guid":{"rendered":"https:\/\/www.josefknoflicek.cz\/?p=5941"},"modified":"2021-02-20T09:48:37","modified_gmt":"2021-02-20T08:48:37","slug":"bozi-vuli-zasun-mec","status":"publish","type":"post","link":"https:\/\/www.josefknoflicek.cz\/?p=5941","title":{"rendered":"Bo\u017e\u00ed v\u016fl\u00ed &#8211; zasu\u0148 me\u010d"},"content":{"rendered":"\n<p>\u201eKolemjdouc\u00ed ho ur\u00e1\u017eeli, pot\u0159\u00e1sali hlavou a \u0159\u00edkali: \u201cTy, kter\u00fd bo\u0159\u00ed\u0161 svatyni a ve t\u0159ech dnech ji stav\u00ed\u0161, zachra\u0148 se, jsi-li Syn Bo\u017e\u00ed, [a] sestup s k\u0159\u00ed\u017ee!\u201d Podobn\u011b se posm\u00edvali i velekn\u011b\u017e\u00ed s u\u010diteli Z\u00e1kona a star\u0161\u00edmi. \u0158\u00edkali: \u201cJin\u00e9 zachr\u00e1nil, s\u00e1m sebe zachr\u00e1nit nem\u016f\u017ee. Je kr\u00e1lem Izraele, a\u0165 nyn\u00ed sestoup\u00ed s k\u0159\u00ed\u017ee, a my v n\u011bho uv\u011b\u0159\u00edme. Slo\u017eil nad\u011bji v Bohu, a\u0165 [ho] nyn\u00ed vysvobod\u00ed, stoj\u00ed-li o n\u011bho. V\u017edy\u0165 \u0159ekl: &#8222;Jsem Bo\u017e\u00ed Syn!&#8220;\u201d Stejn\u011b ho tupili i lupi\u010di, kte\u0159\u00ed byli uk\u0159i\u017eov\u00e1ni spolu s n\u00edm.\u201c<\/p>\n\n\n\n<p>Matou\u0161 27:39-44 CSP<\/p>\n\n\n\n<p>Je\u017e\u00ed\u0161 nereagoval na jejich ur\u00e1\u017eky. Nena\u0161tval se, nec\u00edtil se ura\u017een\u00fd, nevracel \u00fatok ani se nebr\u00e1nil. P\u0159itom mohl. Sta\u010dilo slovo. Mohl moc\u00ed dok\u00e1zat, \u017ee m\u011bl pravdu a sestoupit z k\u0159\u00ed\u017ee. Bo\u017e\u00ed v\u016fl\u00ed v\u0161ak nyn\u00ed nebylo, aby prokazoval sv\u00e9 Bo\u017estv\u00ed, ale aby zem\u0159el a vstal z mrtv\u00fdch. Je\u017e\u00ed\u0161ovou touhou bylo napl\u0148ovat Otcovu v\u016fli. Ve v\u0161em. I tady na k\u0159\u00ed\u017ei. Pokud by takov\u00fd nebyl, nem\u011bli bychom spasen\u00ed, milost odpu\u0161t\u011bn\u00ed a voln\u00fd p\u0159\u00edstup k Otci do jeho nebesk\u00e9ho kr\u00e1lovstv\u00ed.<\/p>\n\n\n\n<p>Jak se chov\u00e1me my, kdy\u017e se c\u00edt\u00edme ur\u00e1\u017een\u00ed. M\u00e1me snahu se br\u00e1nit? Dokazovat, \u017ee jsme k\u0159es\u0165an\u00e9, obhajovat Boha nebo dokonce vracet \u00fatoky. Jde n\u00e1m v\u00edce o \u201ck\u0159es\u0165anskou\u201d presti\u017e nebo o napln\u011bn\u00ed Bo\u017e\u00ed v\u016fle. Pr\u00e1v\u011b te\u010f na n\u00e1s budou v\u00edce a v\u00edce tla\u010dit, v\u00edce nad\u00e1vat na Boha a k\u0159es\u0165any, obvi\u0148ovat, vysm\u00edvat se. Jak budeme reagovat? Nebo jak u\u017e reagujeme? P\u0159em\u00fd\u0161l\u00edme, zda na\u0161e reakce je Bo\u017e\u00ed v\u016fl\u00ed nebo naopak se dost\u00e1v\u00e1me mimo ni? Nejde n\u00e1m jen o presti\u017e a zran\u011bnou k\u0159es\u0165anskou d\u016fstojnost, je\u0161itnost?&nbsp;<\/p>\n\n\n\n<p>Je \u010das mluvit (evangelium) a \u010das ml\u010det (nechat se obh\u00e1jit Bohem). B\u016fh nepot\u0159ebuje obh\u00e1jce. V\u0161emi t\u011bmi posm\u011b\u0161ky a ur\u00e1\u017ekami je sp\u00ed\u0161e zran\u011bn\u00e9 na\u0161e j\u00e1, kter\u00e9 pak reaguje. My v\u0161ak m\u00e1me hledat Bo\u017e\u00ed v\u016fli.&nbsp;<\/p>\n\n\n\n<p>\u201eJe\u017e\u00ed\u0161 mu \u0159ekl: \u201cP\u0159\u00edteli, pro\u010d jsi p\u0159i\u0161el?\u201d Tu p\u0159istoupili, vzt\u00e1hli na Je\u017e\u00ed\u0161e ruce a zmocnili se ho. A hle, jeden z t\u011bch, kte\u0159\u00ed byli s Je\u017e\u00ed\u0161em, nat\u00e1hl ruku, vytasil me\u010d, ude\u0159il velekn\u011bzova otroka a u\u0165al mu ucho. Tehdy mu Je\u017e\u00ed\u0161 \u0159ekl: \u201cVra\u0165 sv\u016fj me\u010d na m\u00edsto. Nebo\u0165 v\u0161ichni, kdo se ch\u00e1pou me\u010de, me\u010dem zahynou. \u010ci mysl\u00ed\u0161, \u017ee nemohu poprosit sv\u00e9ho Otce, a on mi hned po\u0161le v\u00edc ne\u017e dvan\u00e1ct legi\u00ed and\u011bl\u016f? Jak by se v\u0161ak naplnila P\u00edsma, \u017ee se tak mus\u00ed st\u00e1t?\u201d\u201c<\/p>\n\n\n\n<p>Matou\u0161 26:50-54 CSP<\/p>\n\n\n\n<p>Bo\u017e\u00ed v\u016fl\u00ed je, aby ka\u017ed\u00fd mohl doj\u00edt spasen\u00ed. Na\u0161e reakce v\u0161ak tomu m\u016f\u017ee br\u00e1nit. Tou spr\u00e1vnou reakc\u00ed je:&nbsp;<\/p>\n\n\n\n<p>\u201cAle v\u00e1m, kte\u0159\u00ed sly\u0161\u00edte, prav\u00edm: Milujte sv\u00e9 nep\u0159\u00e1tele. Dob\u0159e \u010di\u0148te t\u011bm, kte\u0159\u00ed v\u00e1s nen\u00e1vid\u00ed. \u017dehnejte t\u011bm, kte\u0159\u00ed v\u00e1s prokl\u00ednaj\u00ed, modlete se za ty, kte\u0159\u00ed v\u00e1m \u010din\u00ed p\u0159\u00edko\u0159\u00ed&#8230;.Jak chcete, aby lid\u00e9 \u010dinili v\u00e1m, [i vy] stejn\u011b \u010di\u0148te jim&#8230;. Ale milujte sv\u00e9 nep\u0159\u00e1tele a \u010di\u0148te dob\u0159e, p\u016fj\u010dujte a neo\u010dek\u00e1vejte n\u011bco na opl\u00e1tku. A va\u0161e odm\u011bna bude hojn\u00e1 a budete syny Nejvy\u0161\u0161\u00edho, proto\u017ee on je dobrotiv\u00fd k nevd\u011b\u010dn\u00fdm i zl\u00fdm. Bu\u010fte milosrdn\u00ed, jako je milosrdn\u00fd v\u00e1\u0161 Otec.\u201d\u201c<\/p>\n\n\n\n<p>Luk\u00e1\u0161 <a href=\"calendar:T1:6:27\">6:27<\/a>-29, 31, 35-36 CSP<\/p>\n","protected":false},"excerpt":{"rendered":"<p>\u201eKolemjdouc\u00ed ho ur\u00e1\u017eeli, pot\u0159\u00e1sali hlavou a \u0159\u00edkali: \u201cTy, kter\u00fd bo\u0159\u00ed\u0161 svatyni a ve t\u0159ech dnech ji stav\u00ed\u0161, zachra\u0148 se, jsi-li Syn Bo\u017e\u00ed, [a] sestup s k\u0159\u00ed\u017ee!\u201d Podobn\u011b se posm\u00edvali i velekn\u011b\u017e\u00ed s u\u010diteli Z\u00e1kona a star\u0161\u00edmi. \u0158\u00edkali: \u201cJin\u00e9 zachr\u00e1nil, s\u00e1m sebe zachr\u00e1nit nem\u016f\u017ee. Je kr\u00e1lem Izraele, a\u0165 nyn\u00ed sestoup\u00ed s k\u0159\u00ed\u017ee, a my v n\u011bho &hellip; <a href=\"https:\/\/www.josefknoflicek.cz\/?p=5941\" class=\"more-link\">Pokra\u010dov\u00e1n\u00ed textu <span class=\"screen-reader-text\">Bo\u017e\u00ed v\u016fl\u00ed &#8211; zasu\u0148 me\u010d<\/span> <span class=\"meta-nav\">&rarr;<\/span><\/a><\/p>\n","protected":false},"author":2,"featured_media":0,"comment_status":"closed","ping_status":"","sticky":false,"template":"","format":"standard","meta":[],"categories":[1],"tags":[],"_links":{"self":[{"href":"https:\/\/www.josefknoflicek.cz\/index.php?rest_route=\/wp\/v2\/posts\/5941"}],"collection":[{"href":"https:\/\/www.josefknoflicek.cz\/index.php?rest_route=\/wp\/v2\/posts"}],"about":[{"href":"https:\/\/www.josefknoflicek.cz\/index.php?rest_route=\/wp\/v2\/types\/post"}],"author":[{"embeddable":true,"href":"https:\/\/www.josefknoflicek.cz\/index.php?rest_route=\/wp\/v2\/users\/2"}],"replies":[{"embeddable":true,"href":"https:\/\/www.josefknoflicek.cz\/index.php?rest_route=%2Fwp%2Fv2%2Fcomments&post=5941"}],"version-history":[{"count":1,"href":"https:\/\/www.josefknoflicek.cz\/index.php?rest_route=\/wp\/v2\/posts\/5941\/revisions"}],"predecessor-version":[{"id":5942,"href":"https:\/\/www.josefknoflicek.cz\/index.php?rest_route=\/wp\/v2\/posts\/5941\/revisions\/5942"}],"wp:attachment":[{"href":"https:\/\/www.josefknoflicek.cz\/index.php?rest_route=%2Fwp%2Fv2%2Fmedia&parent=5941"}],"wp:term":[{"taxonomy":"category","embeddable":true,"href":"https:\/\/www.josefknoflicek.cz\/index.php?rest_route=%2Fwp%2Fv2%2Fcategories&post=5941"},{"taxonomy":"post_tag","embeddable":true,"href":"https:\/\/www.josefknoflicek.cz\/index.php?rest_route=%2Fwp%2Fv2%2Ftags&post=5941"}],"curies":[{"name":"wp","href":"https:\/\/api.w.org\/{rel}","templated":true}]}}