{"id":5949,"date":"2021-04-08T11:01:13","date_gmt":"2021-04-08T10:01:13","guid":{"rendered":"https:\/\/www.josefknoflicek.cz\/?p=5949"},"modified":"2021-04-08T11:01:13","modified_gmt":"2021-04-08T10:01:13","slug":"jak-reagovat","status":"publish","type":"post","link":"https:\/\/www.josefknoflicek.cz\/?p=5949","title":{"rendered":"Jak reagovat"},"content":{"rendered":"\n<p>P\u0159ed  n\u011bkolika dny jeden z bratislavsk\u00fdch pastor\u016f rozeslal dopis, ve kter\u00e9m \u017e\u00e1d\u00e1 ostatn\u00ed o slova a v\u011bty, kter\u00e1 jako k\u0159es\u0165an\u00e9 bychom m\u011bli odpov\u00eddat lidem, kte\u0159\u00ed na n\u00e1s \u00fato\u010d\u00ed pro na\u0161i v\u00edru. Jeho dopis byl reakc\u00ed na \u00fatoky m\u00ed\u0159en\u00e9 proti ministru zdravotnictv\u00ed SR bratru Markovi a na jeho odvol\u00e1n\u00ed.  Vn\u00edmal, \u017ee v t\u00e9to v\u011bci c\u00edrkev selhala.<\/p>\n\n\n\n<p>\u010clov\u011bk, kter\u00fd se st\u00e1le uzav\u00edr\u00e1 s\u00e1m do sebe a zaj\u00edm\u00e1 ho jen jeho stav, jeho postaven\u00ed, jeho my\u0161len\u00ed a st\u00e1le \u0159e\u0161\u00ed jen s\u00e1m sebe, se mus\u00ed z\u00e1konit\u011b vzdalovat od ostatn\u00edch a od reality okoln\u00edho sv\u011bta. P\u0159est\u00e1v\u00e1 ch\u00e1pat druh\u00e9 a ti zase jeho. Podobn\u011b je to i s c\u00edrkv\u00ed. C\u00edrkev, kter\u00e1 hled\u00ed jen na sebe p\u0159estane zn\u00e1t pot\u0159eby lid\u00ed ve sv\u011bt\u011b. P\u0159estane ch\u00e1pat okol\u00ed a okol\u00ed nech\u00e1pe ji. Pokud se ke sv\u011btu obr\u00e1t\u00ed, pak jen jako ta, kter\u00e1 m\u00e1 recept na jeho z\u00e1chranu. Jako ta, kter\u00e1 zn\u00e1, co je spr\u00e1n\u00e9 a co ne, jak to m\u00e1 b\u00fdt a jak ne. I kdy\u017e to vypad\u00e1 na prvn\u00ed pohled jako spr\u00e1vn\u00e9, lidem sv\u011bta to p\u0159ijde velmi arogantn\u00ed a vyvol\u00e1v\u00e1 to v nich negativn\u00ed reakci v\u016f\u010di c\u00edrkvi. V\u00ed takov\u00e9 spole\u010denstv\u00ed, jak ho v jejich m\u011bst\u011b vid\u00ed lid\u00e9 z ven\u010d\u00ed? Nemysl\u00edm t\u00edm, \u017ee se mus\u00edme vnucovat nebo se sna\u017eit zal\u00edbit. Mysl\u00edm jen, abychom se zamysleli, za co by m\u011bli lid\u00e9 v na\u0161em m\u011bst\u011b d\u011bkovat za n\u00e1s a za na\u0161e spole\u010denstv\u00ed a vzd\u00e1t proto Bohu sl\u00e1vu. Pro jak\u00e9 dobr\u00e9 skutky? Co vid\u00ed? Co sly\u0161\u00ed? S \u010d\u00edm se setk\u00e1vaj\u00ed? <\/p>\n\n\n\n<p><em>Tak a\u0165 va\u0161e sv\u011btlo z\u00e1\u0159\u00ed p\u0159ed lidmi, aby uvid\u011bli va\u0161e dobr\u00e9 skutky a vzdali sl\u00e1vu va\u0161emu Otci, kter\u00fd je v nebes\u00edch.\u201d<\/em><br \/>Matou\u0161 5:16 CSP<\/p>\n\n\n\n<p>Za jak\u00e9 moje (tvoje a na\u0161eho spole\u010denstv\u00ed) dobr\u00e9 skutky mohou lid\u00e9 v m\u00e9m m\u011bst\u011b vzd\u00e1t sl\u00e1vu m\u00e9mu Otci? <\/p>\n\n\n\n<p>\u00datoky ze sv\u011bta na n\u00e1s maj\u00ed n\u011bkolik d\u016fvod\u016f. Prvn\u00ed a hlavn\u00ed je neust\u00e1l\u00fd duchovn\u00ed boj. Panstva a mocnosti kn\u00ed\u017eete tohoto sv\u011bta &#8211; satana bojuj\u00ed proti v\u0161emu, co p\u0159ich\u00e1z\u00ed z Ducha svat\u00e9ho. \u00dato\u010d\u00ed na v\u0161e a na ka\u017ed\u00e9ho, kdo je poslu\u0161n\u00fd Duchu svat\u00e9mu. D\u011blaj\u00ed to r\u016fzn\u00fdmi zp\u016fsoby, ale p\u0159edev\u0161\u00edm pou\u017e\u00edvaj\u00ed lidi. Nejen lidi ze sv\u011bta, ale i samotn\u00e9 \u010dleny c\u00edrkve, kte\u0159\u00ed se jimi nechaj\u00ed zneu\u017e\u00edt, proto\u017ee neum\u0159eli vastn\u00edmu j\u00e1 a jejich ego je stale siln\u011bj\u0161\u00ed ne\u017e jejich duch. D\u00e1le je to st\u00e1l\u00fd konflikt mezi Duchem a t\u011blem. V\u011bci Ducha nemohou b\u00fdt p\u0159ijat\u00e9 a srozumiteln\u00e9 t\u011blesn\u00e9mu smy\u0161len\u00ed. Lid\u00e9 sv\u011bta nemohou porozum\u011bt tomu, co d\u011bl\u00e1 a hovo\u0159\u00ed Duch. Mohou v\u0161ak vid\u011bt na\u0161e dobr\u00e9 skutky. \u010casto chceme m\u011bnit m\u011bsta, organizaci, st\u00e1t, ale k tomu n\u00e1s Kristus nepovolal. M\u00e1me lidem k\u00e1zat evangelim o vzk\u0159\u00ed\u0161en\u00e9m Je\u017e\u00ed\u0161i. M\u00e1me \u010dinit u\u010dedn\u00edky. Ne m\u011bnit vl\u00e1dy firem, m\u011bst a st\u00e1t\u016f. Jak bychom to ud\u011blali? T\u00edm, \u017ee kdybychom vyhr\u00e1li volby uz\u00e1konili bychom desatero? Uz\u00e1konili bychom v\u0161echna Bo\u017e\u00ed na\u0159\u00edzen\u00ed? To u\u017e tady bylo a nefungovalo to. Nezm\u011bnilo to lidi ani n\u00e1rod ani st\u00e1t. Proto n\u00e1s Kristus pos\u00edl\u00e1 k jednotlivc\u016fm. \u010clov\u011bka m\u011bn\u00ed setk\u00e1n\u00ed s \u017eiv\u00fdm Kristem, s Duchem svat\u00fdm, ne setk\u00e1n\u00ed s pravidly. Jde o lidi ne o st\u00e1ty. Do Bo\u017e\u00edho kr\u00e1lovstv\u00ed nevejdou st\u00e1ty a organizace, ale znovuzrozen\u00ed lid\u00e9. Pokud lid\u00e9 poznaj\u00ed Krista a budou sv\u011btlem jin\u00fdm, budou m\u00edt vliv. \u010c\u00edm v\u00edc znovuzrozen\u00fdch, t\u00edm v\u00edce sv\u011btla a vlivu. Kdy\u017e jsme u toho sv\u011btla, mus\u00edme si uv\u011bdomit, \u017ee sv\u011btlo odhaluje h\u0159\u00edch. Mnoz\u00ed mohou b\u00fdt usv\u011bd\u010dovan\u00ed z h\u0159\u00edchu, i kdy\u017e nic ne\u0159\u00edk\u00e1me. Je to d\u00edky p\u0159\u00edtomnosti Ducha svat\u00e9ho v n\u00e1s. Reakce mohou b\u00fdt r\u016fzn\u00e9. N\u011bkdo za\u010dne s pok\u00e1n\u00edm, n\u011bkdo ute\u010de do tmy a jn\u00fd za\u00fato\u010d\u00ed, aby n\u00e1s od sebe odehnal.<\/p>\n\n\n\n<p>Kdy\u017e se vr\u00e1t\u00edm na za\u010d\u00e1tek, na\u0161e odpov\u011b\u010f bude v\u017edy z\u00e1visl\u00e1 na tom, z jak\u00e9ho d\u016fvodu byla ot\u00e1zka polo\u017een\u00e1. Nem\u016f\u017eeme v\u0161e sv\u00e1d\u011bt na \u010f\u00e1bla, kdy\u017e se jedn\u00e1 o odezvu na na\u0161e arogantn\u00ed chov\u00e1n\u00ed a na to, \u017ee nejsme sv\u011btlem sv\u011btu. Tady je nejlep\u0161\u00ed odpov\u011bd\u00ed na\u0161e pok\u00e1n\u00ed a zm\u011bna na\u0161eho \u017eivota, aby lid\u00e9 mohli uvid\u011bt na\u0161e dobr\u00e9 skutky, kter\u00e9 B\u016fh pro n\u00e1s p\u0159edem p\u0159ipravil a vzdat tak sl\u00e1vu Bohu.  Pokud se jedn\u00e1 o \u00fato\u010dn\u00e9 ot\u00e1zky, kter\u00e9 jsou skute\u010dn\u00fdm duchovn\u00edm bojem a jejich d\u016fvodem je po\u0161kozen\u00ed, vyhn\u00e1n\u00ed a oslaben\u00ed c\u00edrkve a k\u0159es\u0165ana a je zde napad\u00e1no samotn\u00e9 Bo\u017e\u00ed kr\u00e1lovstv\u00ed, pak m\u00e1me zasl\u00edben\u00ed od samotn\u00e9ho Krista:<\/p>\n\n\n\n<p><em>Kdy\u017e by v\u00e1s vedli do synagog a p\u0159ed vl\u00e1dy a vrchnosti, nestarejte se, jak [a \u010d\u00edm] byste se obh\u00e1jili nebo co byste \u0159ekli. Nebo\u0165 Svat\u00fd Duch v\u00e1s v t\u00e9 hodin\u011b nau\u010d\u00ed, co je t\u0159eba \u0159\u00edci.\u201d<\/em><br \/>Luk\u00e1\u0161 12:11\u202d-\u202c12 CSP<br \/><\/p>\n\n\n\n<p>(pokra\u010dov\u00e1n\u00ed z\u00edtra)<br \/><\/p>\n\n\n\n<p>  <\/p>\n","protected":false},"excerpt":{"rendered":"<p>P\u0159ed n\u011bkolika dny jeden z bratislavsk\u00fdch pastor\u016f rozeslal dopis, ve kter\u00e9m \u017e\u00e1d\u00e1 ostatn\u00ed o slova a v\u011bty, kter\u00e1 jako k\u0159es\u0165an\u00e9 bychom m\u011bli odpov\u00eddat lidem, kte\u0159\u00ed na n\u00e1s \u00fato\u010d\u00ed pro na\u0161i v\u00edru. Jeho dopis byl reakc\u00ed na \u00fatoky m\u00ed\u0159en\u00e9 proti ministru zdravotnictv\u00ed SR bratru Markovi a na jeho odvol\u00e1n\u00ed. Vn\u00edmal, \u017ee v t\u00e9to v\u011bci c\u00edrkev selhala. &hellip; <a href=\"https:\/\/www.josefknoflicek.cz\/?p=5949\" class=\"more-link\">Pokra\u010dov\u00e1n\u00ed textu <span class=\"screen-reader-text\">Jak reagovat<\/span> <span class=\"meta-nav\">&rarr;<\/span><\/a><\/p>\n","protected":false},"author":2,"featured_media":0,"comment_status":"closed","ping_status":"","sticky":false,"template":"","format":"standard","meta":[],"categories":[1],"tags":[],"_links":{"self":[{"href":"https:\/\/www.josefknoflicek.cz\/index.php?rest_route=\/wp\/v2\/posts\/5949"}],"collection":[{"href":"https:\/\/www.josefknoflicek.cz\/index.php?rest_route=\/wp\/v2\/posts"}],"about":[{"href":"https:\/\/www.josefknoflicek.cz\/index.php?rest_route=\/wp\/v2\/types\/post"}],"author":[{"embeddable":true,"href":"https:\/\/www.josefknoflicek.cz\/index.php?rest_route=\/wp\/v2\/users\/2"}],"replies":[{"embeddable":true,"href":"https:\/\/www.josefknoflicek.cz\/index.php?rest_route=%2Fwp%2Fv2%2Fcomments&post=5949"}],"version-history":[{"count":1,"href":"https:\/\/www.josefknoflicek.cz\/index.php?rest_route=\/wp\/v2\/posts\/5949\/revisions"}],"predecessor-version":[{"id":5950,"href":"https:\/\/www.josefknoflicek.cz\/index.php?rest_route=\/wp\/v2\/posts\/5949\/revisions\/5950"}],"wp:attachment":[{"href":"https:\/\/www.josefknoflicek.cz\/index.php?rest_route=%2Fwp%2Fv2%2Fmedia&parent=5949"}],"wp:term":[{"taxonomy":"category","embeddable":true,"href":"https:\/\/www.josefknoflicek.cz\/index.php?rest_route=%2Fwp%2Fv2%2Fcategories&post=5949"},{"taxonomy":"post_tag","embeddable":true,"href":"https:\/\/www.josefknoflicek.cz\/index.php?rest_route=%2Fwp%2Fv2%2Ftags&post=5949"}],"curies":[{"name":"wp","href":"https:\/\/api.w.org\/{rel}","templated":true}]}}