{"id":6608,"date":"2024-04-12T06:00:00","date_gmt":"2024-04-12T05:00:00","guid":{"rendered":"https:\/\/www.josefknoflicek.cz\/?p=6608"},"modified":"2024-04-15T08:23:13","modified_gmt":"2024-04-15T07:23:13","slug":"smrt-sluzebniku","status":"publish","type":"post","link":"https:\/\/www.josefknoflicek.cz\/?p=6608","title":{"rendered":"Smrt slu\u017eebn\u00edk\u016f"},"content":{"rendered":"\n<p>Minul\u00fd t\u00fdden jsem byl s n\u011bkolika kolegy na poh\u0159bu bratra, kter\u00e9ho jsme si velmi v\u00e1\u017eili, kter\u00fd pro n\u00e1s byl vzorem l\u00e1sky Kristovy, kterou m\u00e1me m\u00edt v sob\u011b jako samoz\u0159ejmost. Nebyli jsme sami, kdo ho tak vn\u00edmal. Na poh\u0159bu bylo n\u011bkolik set lid\u00ed a vyd\u00e1vala se tam sv\u011bdectv\u00ed o tom, jak\u00fd byl jeho \u017eivot.<br \/>Zem\u0159el na n\u00e1dor v mozku. Mnoho k\u0159es\u0165an\u016f-slu\u017eebn\u00edk\u016f um\u00edr\u00e1 v mlad\u00e9m v\u011bku na nejr\u016fzn\u011bj\u0161\u00ed onemocn\u011bn\u00ed. Nej\u010dast\u011bj\u0161\u00ed za posledn\u00ed l\u00e9ta jsou pr\u00e1v\u011b n\u00e1dorov\u00e1 onemocn\u011bn\u00ed. M\u016f\u017eeme se pt\u00e1t pro\u010d? Pro\u010d tak brzo, kdy\u017e mohl\/a je\u0161t\u011b dlouho slou\u017eit P\u00e1nu tady na zemi. N\u011bkter\u00e9 to dokonce vede k pochybnostem. Tak pro\u010d. <br \/>Op\u011bt pou\u017eiji jeden ver\u0161 ze v\u010derej\u0161ka:  <em>&#8218;Vz\u00e1cn\u00e1 je v o\u010d\u00edch Hospodinov\u00fdch smrt jeho v\u011brn\u00fdch. &#8218;<\/em> \u017dalmy 116:15<br \/>Apo\u0161tol Pavel um\u0159el (byl s\u0165at) ve sv\u00fdch 57 letech. Apo\u0161tolu Petrovi v dob\u011b jeho uk\u0159i\u017eov\u00e1n\u00ed mohlo b\u00fdt o deset let v\u00edce. Oba um\u0159eli v celkem mlad\u00e9m v\u011bku. Mohli bychom se pt\u00e1t, pro\u010d tak brzo. Pokud by \u017eili je\u0161t\u011b o deset dvacet let d\u00e9le, mohli p\u0159in\u00e9st evangelium i do je\u0161t\u011b vzd\u00e1len\u011bj\u0161\u00edch zem\u00ed na severu Evropy apod. To ov\u0161em Bohu ne\u0159\u00edk\u00e1me. U t\u011bchto apo\u0161tol\u016f jejich smrt bereme jako samoz\u0159ejmost. Pokud v\u0161ak zem\u0159e dnes mlad\u00fd nebo ne moc star\u00fd slu\u017eebn\u00edk, takov\u00e9 ot\u00e1zky klademe. Nav\u00edc se pt\u00e1me, co ud\u011blal \u0161patn\u00e9ho, \u017ee tak brzo zem\u0159el. Nebo hovo\u0159\u00edme o tom, \u017ee jeho smrt je nesmysln\u00e1 apod. Chci tady jasn\u011b \u0159\u00edct, \u017ee nen\u00ed rozd\u00edl mezi t\u00edm, jak na slu\u017eebn\u00edka za\u00fato\u010d\u00ed \u010f\u00e1bel. Zda skrze me\u010d, ohe\u0148 nebo n\u00e1dor a jinou nemoc. Jde-li o v\u011brn\u00e9ho slu\u017eebn\u00edka, jde v\u017edy o ob\u011b\u0165 pro Krista!!!<br \/>Pavel o sv\u00e9 smrti \u0159\u00edk\u00e1:  <em>&#8218;J\u00e1 u\u017e toti\u017e za\u010d\u00edn\u00e1m <strong>b\u00fdt ob\u011btov\u00e1n<\/strong>; p\u0159i\u0161el \u010das m\u00e9ho odchodu. Bojoval jsem dobr\u00fd boj, sv\u016fj b\u011bh jsem dokon\u010dil, v\u00edru jsem zachoval. Te\u010f na mne \u010dek\u00e1 koruna spravedlnosti, kterou mi v onen den ud\u011bl\u00ed P\u00e1n, ten spravedliv\u00fd soudce \u2013 a nejen mn\u011b, ale v\u0161em t\u011bm, kdo s l\u00e1skou vyhl\u00ed\u017eej\u00ed jeho p\u0159\u00edchod. &#8218;<\/em> 2 Timoteus 4:6-8<br \/>Pavel pro\u0161el mnoha situacemi, kdy byl ji\u017e t\u00e9m\u011b\u0159 mrtv\u00fd, ale v\u017edy ho B\u016fh z t\u011bchto situac\u00ed vysvobodil, zachr\u00e1nil. Te\u010f v\u00ed, \u017ee tady z\u00e1chrana nebude. Nebude sice z\u00e1chrana, ale B\u016fh se oslav\u00ed na jeho smrti. Jeho t\u011blo se stane kone\u010dnou ob\u011bt\u00ed jeho \u017eivota pro Krista. Pak p\u0159ijde jen spolu\u00fa\u010dast na sl\u00e1v\u011b Kristov\u011b.<br \/>Pavel tak\u00e9 p\u00ed\u0161e: <em>&#8218;Pro Bo\u017e\u00ed milosrdenstv\u00ed v\u00e1s vyz\u00fdv\u00e1m, brat\u0159i, <strong>abyste vyd\u00e1vali sv\u00e9 \u017eivoty Bohu jako \u017eivou, svatou a p\u0159\u00edjemnou ob\u011b\u0165<\/strong>; to bude va\u0161e prav\u00e1 bohoslu\u017eba. &#8218;<\/em>\u0158\u00edman\u016fm 12:1<br \/>Pokud to slu\u017eebn\u00edk d\u011bl\u00e1, pak je na Bohu jak a kdy tuto ob\u011b\u0165 pou\u017eije naposled. V muslimsk\u00fdch zem\u00edch to m\u016f\u017ee b\u00fdt up\u00e1len\u00ed, ukamenov\u00e1n\u00ed, uk\u0159i\u017eov\u00e1n\u00ed, pod\u0159ez\u00e1n\u00ed. Jin\u00fdch mal\u00e1rie, v Evrop\u011b n\u00e1dor nebo jin\u00e1 nemoc. Nikdy to nen\u00ed od Boha, je to \u00fatok na \u017eivot od \u010f\u00e1bla. Je to jeho snaha, aby slu\u017eebn\u00edk zapochyboval o Bo\u017e\u00ed l\u00e1sce a z\u00e1chran\u011b, aby ztratil v\u00edru nebo zaho\u0159kl. B\u016fh v\u0161ak sv\u00e9 v\u011brn\u00e9 provede i t\u00edmto a jejich v\u00edra vydr\u017e\u00ed a\u017e do konce. Poraz\u00ed tak \u010f\u00e1bla a oslav\u00ed Krista a vejdou do jeho sl\u00e1vy.<br \/><br \/>Mus\u00edm tak\u00e9 dodat, \u017ee to neznamen\u00e1, \u017ee se nem\u00e1me modlit za uzdraven\u00ed nebo vym\u00edtat d\u00e9mony apod. M\u011bli bychom v\u0161ak v\u011bd\u011bt kdy ano a kdy ne. Tak\u00e9 je pot\u0159eba zn\u00e1t n\u00e1zor um\u00edraj\u00edc\u00edho. Tak jak Pavel i Petr v\u011bd\u011bli, \u017ee je jejich \u010das, kdy budou ob\u011btovan\u00ed. Je to jako u spasen\u00ed. B\u016fh m\u00e1 mnoho sv\u00fdch d\u011bt\u00ed, kter\u00e9 \u010dekaj\u00ed jen na zavol\u00e1n\u00ed (na to aby sly\u0161eli evangelium), my v\u0161ak mus\u00edme k\u00e1zat v\u0161em, proto\u017ee nev\u00edme kdo jsou tyto Bo\u017e\u00ed d\u011bti. A Bo\u017e\u00ed d\u011bti reaguj\u00ed na slovo od Boha, kter\u00e9 sly\u0161\u00ed z na\u0161ich \u00fast a p\u0159ich\u00e1z\u00ed k Otci. A n\u011bkdy ho pot\u0159ebuj\u00ed sly\u0161et v\u00edckr\u00e1t od v\u00edce v\u011b\u0159\u00edc\u00edch. Proto\u017ee nezn\u00e1me Bo\u017e\u00ed v\u016fli pro lidi mus\u00edme se za uzdraven\u00ed slu\u017eebn\u00edk\u016f a obecn\u011b lid\u00ed modlit. Nem\u00e1me v\u0161ak c\u00edtit ho\u0159kost nebo prohru, nebo dokonce za\u010d\u00edt pochybovat o P\u00edsmu, kdy\u017e B\u016fh rozhodne jinak.<\/p>\n\n\n\n<p><br \/><br \/><\/p>\n\n\n\n<p><br \/><br \/><br \/><\/p>\n","protected":false},"excerpt":{"rendered":"<p>Minul\u00fd t\u00fdden jsem byl s n\u011bkolika kolegy na poh\u0159bu bratra, kter\u00e9ho jsme si velmi v\u00e1\u017eili, kter\u00fd pro n\u00e1s byl vzorem l\u00e1sky Kristovy, kterou m\u00e1me m\u00edt v sob\u011b jako samoz\u0159ejmost. Nebyli jsme sami, kdo ho tak vn\u00edmal. Na poh\u0159bu bylo n\u011bkolik set lid\u00ed a vyd\u00e1vala se tam sv\u011bdectv\u00ed o tom, jak\u00fd byl jeho \u017eivot.Zem\u0159el na n\u00e1dor &hellip; <a href=\"https:\/\/www.josefknoflicek.cz\/?p=6608\" class=\"more-link\">Pokra\u010dov\u00e1n\u00ed textu <span class=\"screen-reader-text\">Smrt slu\u017eebn\u00edk\u016f<\/span> <span class=\"meta-nav\">&rarr;<\/span><\/a><\/p>\n","protected":false},"author":2,"featured_media":0,"comment_status":"closed","ping_status":"","sticky":false,"template":"","format":"standard","meta":[],"categories":[1],"tags":[],"_links":{"self":[{"href":"https:\/\/www.josefknoflicek.cz\/index.php?rest_route=\/wp\/v2\/posts\/6608"}],"collection":[{"href":"https:\/\/www.josefknoflicek.cz\/index.php?rest_route=\/wp\/v2\/posts"}],"about":[{"href":"https:\/\/www.josefknoflicek.cz\/index.php?rest_route=\/wp\/v2\/types\/post"}],"author":[{"embeddable":true,"href":"https:\/\/www.josefknoflicek.cz\/index.php?rest_route=\/wp\/v2\/users\/2"}],"replies":[{"embeddable":true,"href":"https:\/\/www.josefknoflicek.cz\/index.php?rest_route=%2Fwp%2Fv2%2Fcomments&post=6608"}],"version-history":[{"count":2,"href":"https:\/\/www.josefknoflicek.cz\/index.php?rest_route=\/wp\/v2\/posts\/6608\/revisions"}],"predecessor-version":[{"id":6618,"href":"https:\/\/www.josefknoflicek.cz\/index.php?rest_route=\/wp\/v2\/posts\/6608\/revisions\/6618"}],"wp:attachment":[{"href":"https:\/\/www.josefknoflicek.cz\/index.php?rest_route=%2Fwp%2Fv2%2Fmedia&parent=6608"}],"wp:term":[{"taxonomy":"category","embeddable":true,"href":"https:\/\/www.josefknoflicek.cz\/index.php?rest_route=%2Fwp%2Fv2%2Fcategories&post=6608"},{"taxonomy":"post_tag","embeddable":true,"href":"https:\/\/www.josefknoflicek.cz\/index.php?rest_route=%2Fwp%2Fv2%2Ftags&post=6608"}],"curies":[{"name":"wp","href":"https:\/\/api.w.org\/{rel}","templated":true}]}}