{"id":6626,"date":"2024-04-22T06:42:07","date_gmt":"2024-04-22T05:42:07","guid":{"rendered":"https:\/\/www.josefknoflicek.cz\/?p=6626"},"modified":"2024-04-22T21:00:39","modified_gmt":"2024-04-22T20:00:39","slug":"lgbt-genderove-silensvi-a-krestan","status":"publish","type":"post","link":"https:\/\/www.josefknoflicek.cz\/?p=6626","title":{"rendered":"LGBT, genderov\u00e9 \u0161\u00edlensTv\u00ed a k\u0159es\u0165an"},"content":{"rendered":"\n<p>\u00davod<br \/>Dnes se setk\u00e1v\u00e1m v\u0161ude s n\u00e1tlakem komunit LGBT a zast\u00e1nc\u016f volby pohlav\u00ed. Ne \u010dasto osobn\u011b, proto\u017ee se v tomto prost\u0159ed\u00ed nepohybuji a na\u0161e d\u011bti jsou ji\u017e dosp\u011bl\u00e9 a vnuci zase velmi mal\u00ed. P\u0159esto je mi mas\u00edrovan\u00fd mozek zpr\u00e1vami a to i na st\u00e1tn\u00edch TV, politiky, sociology a psychology, dokonce i reklamou. Kdy\u017e se pod\u00edv\u00e1m jak\u00e9 z\u00e1kony se p\u0159ij\u00edmaj\u00ed a co se d\u011bje v z\u00e1padn\u00edch st\u00e1tech, jsem v \u00fadivu, jak tyto svobodn\u00e9 zem\u011b se t\u011bmito skupinami nechali strhnou k z\u00e1kazu svobodny slova a dnes m\u016f\u017eeme i \u0159\u00edci k diktatu\u0159e v t\u00e9to oblasti.  N\u011bkde skryt\u00e9, ale v n\u011bkter\u00fdch st\u00e1tech ji\u017e ve\u0159ejn\u00e9. Ale tato diktatura a ztr\u00e1ta svobody slova a n\u00e1zor\u016f se rychle a lehce roz\u0161i\u0159uje i do jin\u00fdch oblast\u00ed \u017eivota.<br \/>Poj\u010fme se pod\u00edvat na Bo\u017e\u00ed n\u00e1zor na tato t\u00e9mata. <br \/>1. Homosexualita.<br \/>&#8218;<em>Kdokoli by obcoval s mu\u017eem jako se \u017eenou, oba sp\u00e1chali ohavnost. Musej\u00ed zem\u0159\u00edt \u2013 jejich krev a\u0165 padne na n\u011b! &#8218;<\/em> Leviticus 20:13<br \/>Jsou sexu\u00e1ln\u00ed h\u0159\u00edchy, kter\u00e9 B\u016fh ve staroz\u00e1konn\u00ed dob\u011b trest\u00e1 r\u016fzn\u00fdmi zp\u016fsoby a n\u011bkter\u00e9 i smrt\u00ed. Smrteln\u00e9 h\u0159\u00edchy. Tento pat\u0159\u00ed mezi n\u011b. Pro\u010d je trest\u00e1 vysv\u011btluje v n\u00e1sleduj\u00edc\u00edch ver\u0161\u00edch:<br \/><em>&#8218;Ne\u0159i\u010fte se pravidly n\u00e1roda, kter\u00fd p\u0159ed v\u00e1mi vyh\u00e1n\u00edm, nebo\u0165 p\u00e1chali v\u0161echny tyto v\u011bci, a\u017e se mi zhnusili. &#8218;<\/em>Leviticus 20:23<br \/>Prost\u011b se Bohu takov\u00e9 jedn\u00e1n\u00ed hnus\u00ed. To souvis\u00ed tak\u00e9 s t\u00edm, jak stvo\u0159il \u010dlov\u011bka, a tak\u00e9 pro\u010d ho stvo\u0159il tak, jak ho stvo\u0159il, ale o tom v dal\u0161\u00edch kapitol\u00e1ch. <br \/>Ono &#8222;mus\u00ed zem\u0159\u00edt&#8220; je st\u00e1le provozovan\u00e9  je\u0161t\u011b v mnoha zem\u00edch. A je to \u0161patn\u00e9, <strong>velmi \u0161patn\u00e9<\/strong> jedn\u00e1n\u00ed. Pro\u010d? Zm\u011bnil snad B\u016fh sv\u016fj n\u00e1zor?<br \/>Ne. Je B\u016fh jin\u00fd ve staroz\u00e1konn\u00ed dob\u011b a jin\u00fd v novoz\u00e1konn\u00ed dob\u011b? Tak\u00e9 ne. Tak op\u011bt pro\u010d?  B\u016fh nen\u00ed \u010dlov\u011bk a nepolitika\u0159\u00ed, aby m\u011bnil sv\u00e9 n\u00e1zory. B\u016fh je nem\u011bnn\u00fd. Ov\u0161em my m\u00e1me milost toho, \u017ee Kristus, Syn Bo\u017e\u00ed (B\u016fh s\u00e1m), ji\u017e zaplatil na k\u0159\u00ed\u017ei za na\u0161e h\u0159\u00edchy. T\u00edm n\u00e1m umo\u017enil p\u0159\u00edstup k Bohu Otci. To, co v na\u0161ich \u017eivotech bylo \u0161patn\u00e9 v Bo\u017e\u00edch o\u010d\u00edch, co se Bohu hnusilo, n\u00e1m bylo odpu\u0161t\u011bn\u00e9. M\u00e1 to v\u0161ak jeden h\u00e1\u010dek. Bylo n\u00e1m odpu\u0161t\u011bn\u00e9, ale byla n\u00e1m d\u00e1na i milost ji\u017e v takov\u00e9m jedn\u00e1n\u00ed nepokra\u010dovat.  Nepokra\u010dovat v tom, co se i dnes Bohu st\u00e1le hnus\u00ed.<br \/>\u0158\u00edk\u00e1me tomu ud\u011blat pok\u00e1n\u00ed. Uznat, \u017ee B\u016fh m\u00e1 pravdu a \u017ee ta pravda je dobr\u00e1 pro m\u016fj \u017eivot a podle toho za\u010d\u00edt jednat. H\u0159\u00edch je vlastn\u011b d\u011blat to, co se Bohu hnus\u00ed a s \u010d\u00edm nesouhlas\u00ed a co n\u00e1s od n\u011bho odd\u011bluje. Nemohu na jedn\u00e9 stran\u011b cht\u00edt m\u00edt vztah s Bohem a na druh\u00e9 stran\u011b d\u011blat to, co se Bohu hnus\u00ed a z\u00e1rove\u0148 mne od n\u011bho odd\u011bluje.  <br \/>Pavel o tom p\u00ed\u0161e:<br \/><em>&#8218;Z nebe se zjevuje Bo\u017e\u00ed hn\u011bv proti ka\u017ed\u00e9 bezbo\u017enosti a nepravosti lid\u00ed, kte\u0159\u00ed sv\u00e9voln\u011b potla\u010duj\u00ed pravdu. Co se d\u00e1 o Bohu poznat, je jim z\u0159eteln\u00e9, nebo\u0165 jim to B\u016fh odhalil. Jeho neviditeln\u00e9 znaky \u2013 jeho v\u011b\u010dnou moc a bo\u017estv\u00ed \u2013 lze u\u017e od stvo\u0159en\u00ed sv\u011bta rozumem post\u0159ehnout v jeho d\u00edle. Nemaj\u00ed tedy v\u00fdmluvu. A\u010dkoli Boha poznali, nectili ho jako Boha. M\u00edsto aby byli vd\u011b\u010dn\u00ed, propadli ve sv\u00fdch my\u0161lenk\u00e1ch marnosti a jejich nerozumn\u00e9 srdce se ocitlo ve tm\u011b. Prohla\u0161uj\u00ed se za moudr\u00e9, ale jsou bl\u00e1zni. Sl\u00e1vu nesmrteln\u00e9ho Boha vym\u011bnili za pouh\u00e9 obrazy smrteln\u00e9ho \u010dlov\u011bka, pt\u00e1k\u016f, zv\u011b\u0159e i plaz\u016f. B\u016fh je proto vydal ne\u010distot\u011b, po n\u00ed\u017e v srdci tou\u017eili, aby si navz\u00e1jem prznili t\u011bla, kdy\u017e vym\u011bnili Bo\u017e\u00ed pravdu za le\u017e a ctili stvo\u0159en\u00ed a slou\u017eili mu rad\u011bji ne\u017eli Stvo\u0159iteli, kter\u00fd je po\u017eehnan\u00fd nav\u011bky. Amen. B\u016fh je proto vydal hanebn\u00fdm v\u00e1\u0161n\u00edm. <strong>Jejich \u017eeny vym\u011bnily p\u0159irozen\u00e9 obcov\u00e1n\u00ed za to, kter\u00e9 je proti p\u0159\u00edrod\u011b. Stejn\u011b tak mu\u017ei opustili p\u0159irozen\u00e9 obcov\u00e1n\u00ed se \u017eenou a vzpl\u00e1li touhou k sob\u011b navz\u00e1jem; mu\u017ei p\u00e1chaj\u00ed nestydatost s mu\u017ei a za svou zvr\u00e1cenost na sebe p\u0159iv\u00e1d\u011bj\u00ed nevyhnutelnou odplatu. Kdy\u017e jim zn\u00e1most Boha nebyla dost dobr\u00e1, B\u016fh je vydal jejich zvr\u00e1cen\u00e9 mysli, aby d\u011blali, co nen\u00ed spr\u00e1vn\u00e9. &#8218;<\/strong><\/em> \u0158\u00edman\u016fm 1:18-28<br \/>Pro k\u0159es\u0165any je cel\u00e1 bible inspirovan\u00e1 Duchem svat\u00fdm. Tedy v\u011b\u0159tomu, \u017ee skrze Pavlova slova n\u00e1m vysv\u011btluje situaci s\u00e1m B\u016fh. Tato slova popisuj\u00ed p\u0159esn\u011b to, co se dnes ve sv\u011bt\u011b d\u011bje a co se d\u011blo i v dob\u011b apo\u0161tola Pavla. Pro\u010d se toto s lidmi d\u011bje? Proto\u017ee &#8222;vym\u011bnili Bo\u017e\u00ed pravdu za le\u017e&#8220;. (o l\u017e\u00edch a pravd\u00e1ch budu ps\u00e1t v n\u011bkter\u00e9 z dal\u0161\u00edch kapitol) I z toho je  cesta ven. Pok\u00e1n\u00ed!!! P\u0159estat \u017e\u00edt ve l\u017ei a uznat, \u017ee B\u016fh m\u00e1 pravdu a opustit h\u0159\u00edch. Kristus zem\u0159el za to, aby n\u00e1m bylo odpu\u0161t\u011bn\u00e9, abychom poznali pravdu, kter\u00e1 n\u00e1s vysvobod\u00ed a mohli \u017e\u00edt svobodn\u011b.<br \/><br \/>Jak se m\u00e1 k\u0159es\u0165an chovat k lidem, kte\u0159\u00ed praktikuj\u00ed to, co se Bohu hnus\u00ed? P\u0159edev\u0161\u00edm s\u00e1m sebe zkoumat a nechat prozkoumat sv\u00e9 srdce Duchem svat\u00fdm, zda tak\u00e9 ned\u011bl\u00e1m n\u011bco, co se Bohu hnus\u00ed. Hovo\u0159it s nimi o milosti, kterou m\u00e1me v Kristu a nechat je rozhodnout, co cht\u011bj\u00ed.<br \/>Bo\u017e\u00ed milost a l\u00e1ska je i nad nimi, jde jen o to, zda ji p\u0159ijmou, u\u010din\u00ed pok\u00e1n\u00ed nebo ne a z\u016fstanou v tom, v \u010dem jsou. N\u00e1\u0161 postoj m\u00e1 byt stejn\u00fd jako Bo\u017e\u00ed. Milovat \u010dlov\u011bka, ale nen\u00e1vid\u011bt h\u0159\u00edch.<\/p>\n\n\n\n<p>(Pokra\u010dov\u00e1n\u00ed p\u0159\u00ed\u0161t\u011b)<br \/> <br \/><\/p>\n\n\n\n<p><br \/><br \/><br \/><\/p>\n","protected":false},"excerpt":{"rendered":"<p>\u00davodDnes se setk\u00e1v\u00e1m v\u0161ude s n\u00e1tlakem komunit LGBT a zast\u00e1nc\u016f volby pohlav\u00ed. Ne \u010dasto osobn\u011b, proto\u017ee se v tomto prost\u0159ed\u00ed nepohybuji a na\u0161e d\u011bti jsou ji\u017e dosp\u011bl\u00e9 a vnuci zase velmi mal\u00ed. P\u0159esto je mi mas\u00edrovan\u00fd mozek zpr\u00e1vami a to i na st\u00e1tn\u00edch TV, politiky, sociology a psychology, dokonce i reklamou. Kdy\u017e se pod\u00edv\u00e1m jak\u00e9 &hellip; <a href=\"https:\/\/www.josefknoflicek.cz\/?p=6626\" class=\"more-link\">Pokra\u010dov\u00e1n\u00ed textu <span class=\"screen-reader-text\">LGBT, genderov\u00e9 \u0161\u00edlensTv\u00ed a k\u0159es\u0165an<\/span> <span class=\"meta-nav\">&rarr;<\/span><\/a><\/p>\n","protected":false},"author":2,"featured_media":0,"comment_status":"closed","ping_status":"","sticky":false,"template":"","format":"standard","meta":[],"categories":[1],"tags":[],"_links":{"self":[{"href":"https:\/\/www.josefknoflicek.cz\/index.php?rest_route=\/wp\/v2\/posts\/6626"}],"collection":[{"href":"https:\/\/www.josefknoflicek.cz\/index.php?rest_route=\/wp\/v2\/posts"}],"about":[{"href":"https:\/\/www.josefknoflicek.cz\/index.php?rest_route=\/wp\/v2\/types\/post"}],"author":[{"embeddable":true,"href":"https:\/\/www.josefknoflicek.cz\/index.php?rest_route=\/wp\/v2\/users\/2"}],"replies":[{"embeddable":true,"href":"https:\/\/www.josefknoflicek.cz\/index.php?rest_route=%2Fwp%2Fv2%2Fcomments&post=6626"}],"version-history":[{"count":5,"href":"https:\/\/www.josefknoflicek.cz\/index.php?rest_route=\/wp\/v2\/posts\/6626\/revisions"}],"predecessor-version":[{"id":6635,"href":"https:\/\/www.josefknoflicek.cz\/index.php?rest_route=\/wp\/v2\/posts\/6626\/revisions\/6635"}],"wp:attachment":[{"href":"https:\/\/www.josefknoflicek.cz\/index.php?rest_route=%2Fwp%2Fv2%2Fmedia&parent=6626"}],"wp:term":[{"taxonomy":"category","embeddable":true,"href":"https:\/\/www.josefknoflicek.cz\/index.php?rest_route=%2Fwp%2Fv2%2Fcategories&post=6626"},{"taxonomy":"post_tag","embeddable":true,"href":"https:\/\/www.josefknoflicek.cz\/index.php?rest_route=%2Fwp%2Fv2%2Ftags&post=6626"}],"curies":[{"name":"wp","href":"https:\/\/api.w.org\/{rel}","templated":true}]}}