{"id":6663,"date":"2024-05-03T21:22:47","date_gmt":"2024-05-03T20:22:47","guid":{"rendered":"https:\/\/www.josefknoflicek.cz\/?p=6663"},"modified":"2024-05-03T21:22:47","modified_gmt":"2024-05-03T20:22:47","slug":"cesty-ke-globalizaci-aneb-az-uvidite-jak-se-tyto-veci-deji-2","status":"publish","type":"post","link":"https:\/\/www.josefknoflicek.cz\/?p=6663","title":{"rendered":"CESTY KE GLOBALIZACI ANEB A\u017d UVID\u00cdTE JAK SE TYTO V\u011aC\u00cd D\u011aJ\u00cd&#8230; 2"},"content":{"rendered":"\n<p>Pokra\u010dov\u00e1n\u00ed<br \/>Pod\u00edvejme se do bible, co je pot\u0159eba k vytvo\u0159en\u00ed jednotn\u00e9mu st\u00e1tu &#8222;sv\u011bt&#8220; nebo sv\u011btov\u00e9 unii. Co se mus\u00ed st\u00e1t, aby lid\u00e9 navz\u00e1jem mezi sebou nev\u00e1l\u010dili a m\u011bli jednoho vl\u00e1dce, kter\u00fdm v\u0161ak nen\u00ed B\u016fh.<\/p>\n\n\n\n<p>1. Jedno n\u00e1bo\u017eenstv\u00ed &#8211; povinn\u00e9 &#8211; &#8218;<em>\u0160elma, kterou jsem spat\u0159il, byla podobn\u00e1 pard\u00e1lu, ale jej\u00ed nohy byly jako medv\u011bd\u00ed a jej\u00ed tlama jako tlama lva. Drak j\u00ed dal svou s\u00edlu, sv\u016fj tr\u016fn i velikou moc. Budou se j\u00ed klan\u011bt v\u0161ichni obyvatel\u00e9 zem\u011b, ka\u017ed\u00fd, jeho\u017e jm\u00e9no nen\u00ed od stvo\u0159en\u00ed sv\u011bta zaps\u00e1no v knize \u017eivota zabit\u00e9ho Ber\u00e1nka. Jedna z jej\u00edch hlav vypadala jako smrteln\u011b zran\u011bn\u00e1, ale jej\u00ed smrteln\u00e1 r\u00e1na se uzdravila. Cel\u00e1 zem\u011b \u0161la v \u00fa\u017easu za tou \u0161elmou a <strong>lid\u00e9 se klan\u011bli draku<\/strong>, kter\u00fd dal t\u00e9 \u0161elm\u011b moc; <strong>klan\u011bli se i \u0161elm\u011b <\/strong>se slovy: \u201eKdo je podobn\u00fd t\u00e9 \u0161elm\u011b? Kdo s n\u00ed m\u016f\u017ee bojovat?\u201c &#8218;<\/em> Zjeven\u00ed 13:2-4,8<\/p>\n\n\n\n<p>2. Jednotn\u00e1 m\u011bna &#8211; virtu\u00e1ln\u00ed &#8211; \u010dip: &#8218;<em>V\u0161em mal\u00fdm i velk\u00fdm, bohat\u00fdm i chud\u00fdm, svobodn\u00fdm i otrok\u016fm nech\u00e1 d\u00e1t znamen\u00ed na pravou ruku nebo na \u010delo, tak\u017ee <strong>nikdo nebude moci kupovat ani prod\u00e1vat, nebude-li m\u00edt to znamen\u00ed <\/strong>\u2013 jm\u00e9no \u0161elmy nebo \u010d\u00edslo jej\u00edho jm\u00e9na. &#8218;<\/em>Zjeven\u00ed 13:16-17<\/p>\n\n\n\n<p>3. Jedno veden\u00ed &#8211; Potom jsem spat\u0159il jinou \u0161elmu, jak vystupuje ze zem\u011b: m\u011bla dva rohy jako Ber\u00e1nek, ale mluvila jako drak. Ta vykon\u00e1v\u00e1 v\u0161echnu moc t\u00e9 prvn\u00ed \u0161elmy p\u0159ed jej\u00ed tv\u00e1\u0159\u00ed a p\u016fsob\u00ed, \u017ee se zem\u011b i jej\u00ed obyvatel\u00e9 budou klan\u011bt t\u00e9 prvn\u00ed \u0161elm\u011b, jej\u00ed\u017e smrteln\u00e1 r\u00e1na se uzdravila. D\u011bl\u00e1 velik\u00e9 divy, p\u016fsob\u00ed dokonce i to, aby p\u0159ed zraky lid\u00ed sestupoval ohe\u0148 z nebe na zem. T\u011bmi divy, kter\u00e9 j\u00ed bylo d\u00e1no konat p\u0159ed tv\u00e1\u0159\u00ed \u0161elmy, sv\u00e1d\u00ed ty, kdo bydl\u00ed na zemi. \u0158\u00edk\u00e1 obyvatel\u016fm zem\u011b, aby vytvo\u0159ili obraz t\u00e9 \u0161elm\u011b, kter\u00e1 m\u011bla r\u00e1nu od me\u010de, ale o\u017eila. Bylo j\u00ed d\u00e1no, aby obrazu t\u00e9 \u0161elmy vdechla \u017eivot, tak\u017ee obraz \u0161elmy za\u010dal mluvit a <strong>nechal zab\u00edt v\u0161echny, kdo se mu neklan\u011bli.<\/strong> &#8218; Zjeven\u00ed 13:11-15<\/p>\n\n\n\n<p>Nen\u00ed mo\u017en\u00e9 toto uskute\u010dnit ze dne na den. Krok za krokem (stolet\u00ed za stolet\u00edm,desetilet\u00ed za desetilet\u00edm) v\u0161ak ano.<br \/>Mnoho situac\u00ed a okolnost\u00ed se vytv\u00e1\u0159\u00ed pr\u00e1v\u011b proto, aby se p\u0159ipravila cesta k tomu c\u00edli. V\u00fdvoj dne\u0161n\u00ed techniky tuto cestu zkracuje. Te\u010f jde o lidi, kte\u0159\u00ed se mus\u00ed pod\u0159\u00eddit a dobrovoln\u011b se vzd\u00e1t sv\u00fdch svobod a pr\u00e1v. Probl\u00e9m je v tom, \u017ee v demokracii rozhoduje v\u011bt\u0161ina. Proto je pot\u0159eba lidi (v\u010detn\u011b politik\u016f) nal\u00e1kat na &#8222;dobr\u00e9!&#8220; v\u011bci tak, aby nevid\u011bli skute\u010dn\u00fd z\u00e1m\u011br a sm\u011br (jejich veden\u00ed do br\u00e1ny pekel). <br \/><br \/>Uvedu p\u0159\u00edklad:<br \/>Migrace st\u00edr\u00e1 hranice. M\u00e1 v\u0161ak i dal\u0161\u00ed vliv. Jde o neleg\u00e1ln\u00ed a nekontrolovatelnou migraci, kter\u00e1 p\u0159in\u00e1\u0161\u00ed nepokoj, zv\u00fd\u0161enou kriminalitu a celkov\u00e9 zhor\u0161en\u00ed bezpe\u010dnostn\u00ed situace v zem\u00edch. Pro \u0159e\u0161en\u00ed jsou pak lid\u00e9 ochotni ztratit n\u011bco ze sv\u00e9 svobody na \u00fakor jejich v\u011bt\u0161\u00ed kontroly. <br \/>Dal\u0161\u00ed p\u0159\u00edklad: K p\u0159ed\u00e1v\u00e1n\u00ed moci do jednoho centra je pot\u0159eba odstranit pr\u00e1vo veta jednotliv\u00fdch zem\u00ed. (EU) Proto se mus\u00ed vytv\u00e1\u0159et krize, kter\u00e9 je pot\u0159eba \u0159e\u0161it urychlen\u011b a kdy se nem\u016f\u017ee \u010dekat, a\u017e v\u0161echny zem\u011b opat\u0159en\u00ed odsouhlas\u00ed jednotliv\u011b a \u010dekat na shodu. Zd\u016fvodnit tak zru\u0161en\u00ed pr\u00e1va veta. Pak je jednodu\u0161\u0161\u00ed obvinit n\u011bkter\u00e9 politiky a z\u00e1stupce pr\u00e1va veta ze sabotov\u00e1n\u00ed spole\u010dn\u00e9ho \u0159e\u0161en\u00ed kriz\u00ed, bezpe\u010dnosti, apod. Postavit proti nim ve\u0159ejn\u00e9 m\u00edn\u011bn\u00ed&#8230;.<br \/>Hodn\u011b se takto neu\u017e\u00edv\u00e1 zelen\u00e9 politiky. Je p\u0159esn\u011bj\u0161\u00ed \u0159\u00edct zelen\u00e9ho n\u00e1bo\u017eenstv\u00ed.<br \/>Mysl\u00edm si, \u017ee v\u011bt\u0161ina \u0159adov\u00fdch politik\u016f ani nev\u00ed, \u010demu slou\u017e\u00ed. Ti na vrcholu, to v\u0161ak v\u00ed. A je jedno na jak\u00e9m konci politick\u00e9ho spektra stoj\u00ed.<br \/>Ty v\u011bci pokra\u010duj\u00ed a nezastav\u00ed se. <br \/><br \/>Ten, kdo miluje Krista se nemus\u00ed b\u00e1t. M\u00e1me se st\u00e1le radovat, proto\u017ee v\u00edme, kam jdeme (do kr\u00e1lovstv\u00ed Je\u017e\u00ed\u0161e Krista) a \u017ee na\u0161e p\u0159\u00edbytky jsou pr\u00e1v\u011b tam. Tady jsme jenom Jeho vyslanci a jen na kr\u00e1tk\u00fd \u010das.<br \/>Abychom mohli v t\u011bchto \u010dasech obst\u00e1t, pot\u0159ebujeme skute\u010dn\u011b v\u011bd\u011bt, \u010d\u00edm jako k\u0159es\u0165an jsem. Kdo jsem v Kristu Je\u017e\u00ed\u0161i. Co je moj\u00ed ochranou a pro\u010d. Jakou m\u00e1m autoritu v Duchu svat\u00e9m&#8230;.<br \/>Nen\u00ed mnoho \u010dasu, tak bychom se nem\u011bli zab\u00fdvat politikou, ale t\u00edm, abychom hl\u00e1sali, \u017ee se p\u0159ibl\u00ed\u017eilo Bo\u017e\u00ed kr\u00e1lovstv\u00ed a lidem p\u0159inesli dobrou zpr\u00e1vu o Spasiteli Je\u017e\u00ed\u0161i Kristu a sp\u00e1se. A p\u0159ed\u00e1vali lidem l\u00e1sku Kristovu, kter\u00e1 je trp\u011bliv\u00e1, laskav\u00e1, bez soudu&#8230; <strong>v\u0161echno sn\u00e1\u0161\u00ed a v\u0161echno vydr\u017e\u00ed<\/strong><\/p>\n\n\n\n<p>Pokra\u010dov\u00e1n\u00ed p\u0159\u00ed\u0161t\u011b<br \/><br \/><br \/><br \/><\/p>\n","protected":false},"excerpt":{"rendered":"<p>Pokra\u010dov\u00e1n\u00edPod\u00edvejme se do bible, co je pot\u0159eba k vytvo\u0159en\u00ed jednotn\u00e9mu st\u00e1tu &#8222;sv\u011bt&#8220; nebo sv\u011btov\u00e9 unii. Co se mus\u00ed st\u00e1t, aby lid\u00e9 navz\u00e1jem mezi sebou nev\u00e1l\u010dili a m\u011bli jednoho vl\u00e1dce, kter\u00fdm v\u0161ak nen\u00ed B\u016fh. 1. Jedno n\u00e1bo\u017eenstv\u00ed &#8211; povinn\u00e9 &#8211; &#8218;\u0160elma, kterou jsem spat\u0159il, byla podobn\u00e1 pard\u00e1lu, ale jej\u00ed nohy byly jako medv\u011bd\u00ed a jej\u00ed tlama &hellip; <a href=\"https:\/\/www.josefknoflicek.cz\/?p=6663\" class=\"more-link\">Pokra\u010dov\u00e1n\u00ed textu <span class=\"screen-reader-text\">CESTY KE GLOBALIZACI ANEB A\u017d UVID\u00cdTE JAK SE TYTO V\u011aC\u00cd D\u011aJ\u00cd&#8230; 2<\/span> <span class=\"meta-nav\">&rarr;<\/span><\/a><\/p>\n","protected":false},"author":2,"featured_media":0,"comment_status":"closed","ping_status":"","sticky":false,"template":"","format":"standard","meta":[],"categories":[1],"tags":[],"_links":{"self":[{"href":"https:\/\/www.josefknoflicek.cz\/index.php?rest_route=\/wp\/v2\/posts\/6663"}],"collection":[{"href":"https:\/\/www.josefknoflicek.cz\/index.php?rest_route=\/wp\/v2\/posts"}],"about":[{"href":"https:\/\/www.josefknoflicek.cz\/index.php?rest_route=\/wp\/v2\/types\/post"}],"author":[{"embeddable":true,"href":"https:\/\/www.josefknoflicek.cz\/index.php?rest_route=\/wp\/v2\/users\/2"}],"replies":[{"embeddable":true,"href":"https:\/\/www.josefknoflicek.cz\/index.php?rest_route=%2Fwp%2Fv2%2Fcomments&post=6663"}],"version-history":[{"count":3,"href":"https:\/\/www.josefknoflicek.cz\/index.php?rest_route=\/wp\/v2\/posts\/6663\/revisions"}],"predecessor-version":[{"id":6667,"href":"https:\/\/www.josefknoflicek.cz\/index.php?rest_route=\/wp\/v2\/posts\/6663\/revisions\/6667"}],"wp:attachment":[{"href":"https:\/\/www.josefknoflicek.cz\/index.php?rest_route=%2Fwp%2Fv2%2Fmedia&parent=6663"}],"wp:term":[{"taxonomy":"category","embeddable":true,"href":"https:\/\/www.josefknoflicek.cz\/index.php?rest_route=%2Fwp%2Fv2%2Fcategories&post=6663"},{"taxonomy":"post_tag","embeddable":true,"href":"https:\/\/www.josefknoflicek.cz\/index.php?rest_route=%2Fwp%2Fv2%2Ftags&post=6663"}],"curies":[{"name":"wp","href":"https:\/\/api.w.org\/{rel}","templated":true}]}}